{"id":91610,"date":"2019-11-28T10:35:03","date_gmt":"2019-11-28T13:35:03","guid":{"rendered":"http:\/\/ccs2.ufpel.edu.br\/wp\/?p=91610"},"modified":"2019-11-28T10:35:03","modified_gmt":"2019-11-28T13:35:03","slug":"museu-das-coisas-banais-seleciona-objetos-de-natal-para-acervo","status":"publish","type":"post","link":"https:\/\/wp-dev.ufpel.edu.br\/gutenberg\/2019\/11\/museu-das-coisas-banais-seleciona-objetos-de-natal-para-acervo\/","title":{"rendered":"Museu das Coisas Banais seleciona objetos de Natal para acervo"},"content":{"rendered":"<div><img loading=\"lazy\" decoding=\"async\" class=\"size-medium wp-image-91612 alignleft\" src=\"https:\/\/wp-dev.ufpel.edu.br\/gutenberg\/wp-content\/uploads\/sites\/6\/2019\/11\/FotoJet-1-400x335.jpg\" alt=\"\" width=\"400\" height=\"335\" srcset=\"https:\/\/wp-dev.ufpel.edu.br\/gutenberg\/wp-content\/uploads\/sites\/6\/2019\/11\/FotoJet-1-400x335.jpg 400w, https:\/\/wp-dev.ufpel.edu.br\/gutenberg\/wp-content\/uploads\/sites\/6\/2019\/11\/FotoJet-1-768x644.jpg 768w, https:\/\/wp-dev.ufpel.edu.br\/gutenberg\/wp-content\/uploads\/sites\/6\/2019\/11\/FotoJet-1.jpg 940w\" sizes=\"auto, (max-width: 400px) 100vw, 400px\" \/>O Museu Virtual, Museu das Coisas Banais est\u00e1 lan\u00e7ando uma campanha de coleta de acervo para o Museu. A campanha busca coletar objetos que tenham sido presentes de Natal.<\/div>\n<div><\/div>\n<div>Seus objetos de Natal\u00a0 t\u00eam hist\u00f3ria? Suas mem\u00f3rias de Natal t\u00eam objetos? Objeto biogr\u00e1fico \u00e9 aquele objeto que tem um papel especial na sua vida, que voc\u00ea guarda porque conta a sua hist\u00f3ria, porque tem valor afetivo, simb\u00f3lico, cultural. Um objeto biogr\u00e1fico pode te lembrar algu\u00e9m, um momento especial, um evento, um lugar, lembran\u00e7as de outros tempos\u2026<\/div>\n<div><\/div>\n<div>Compartilhe seu objeto biogr\u00e1fico e suas mem\u00f3rias conosco! Como funciona?<br \/>\nBasta acessar o link abaixo, fotografar seu objeto juntamente com a sua hist\u00f3ria, por que este objeto tem import\u00e2ncia para voc\u00ea? Queremos saber as hist\u00f3rias desses objetos. Seu objeto pode vir a fazer parte do Acervo do Museu das Coisas Banais. Envie aqui seu objeto:\u00a0<a href=\"https:\/\/museudascoisasbanais.com.br\/compartilhe\" target=\"_blank\" rel=\"noopener noreferrer\" data-saferedirecturl=\"https:\/\/www.google.com\/url?q=https:\/\/museudascoisasbanais.com.br\/compartilhe&amp;source=gmail&amp;ust=1575030167612000&amp;usg=AFQjCNG9NyMei7sYy7hgLAlIu7zE1T0_Xw\">https:\/\/museudascoisasbanais.com.br\/compartilhe<\/a><\/div>\n<div><\/div>\n<div>Quer conhecer mais sobre o Museu das Coisas Banais? Acesse\u00a0<a href=\"https:\/\/museudascoisasbanais.com.br\/\" target=\"_blank\" rel=\"noopener noreferrer\" data-saferedirecturl=\"https:\/\/www.google.com\/url?q=https:\/\/museudascoisasbanais.com.br\/&amp;source=gmail&amp;ust=1575030167612000&amp;usg=AFQjCNEmifB9Z2ywXIxEzBMvoXboqcvoFw\">https:\/\/museudascoisasbanais.com.br\/<\/a><\/div>\n","protected":false},"excerpt":{"rendered":"<p>O Museu Virtual, Museu das Coisas Banais est\u00e1 lan\u00e7ando uma campanha de coleta de acervo para o Museu. A campanha busca coletar objetos que tenham sido presentes de Natal. Seus objetos de Natal\u00a0 t\u00eam hist\u00f3ria? Suas mem\u00f3rias de Natal t\u00eam objetos? Objeto biogr\u00e1fico \u00e9 aquele objeto que tem um papel especial na sua vida, que &hellip; <\/p>\n<p class=\"link-more\"><a href=\"https:\/\/wp-dev.ufpel.edu.br\/gutenberg\/2019\/11\/museu-das-coisas-banais-seleciona-objetos-de-natal-para-acervo\/\" class=\"more-link\">Continue lendo<span class=\"screen-reader-text\"> &#8220;Museu das Coisas Banais seleciona objetos de Natal para acervo&#8221;<\/span><\/a><\/p>\n","protected":false},"author":1,"featured_media":0,"comment_status":"closed","ping_status":"closed","sticky":false,"template":"","format":"standard","meta":{"jetpack_post_was_ever_published":false,"_jetpack_newsletter_access":"","_jetpack_dont_email_post_to_subs":false,"_jetpack_newsletter_tier_id":0,"_jetpack_memberships_contains_paywalled_content":false,"_jetpack_memberships_contains_paid_content":false,"footnotes":"","jetpack_publicize_message":"","jetpack_publicize_feature_enabled":true,"jetpack_social_post_already_shared":true,"jetpack_social_options":{"image_generator_settings":{"template":"highway","enabled":false},"version":2}},"categories":[1],"tags":[373,454,455],"class_list":["post-91610","post","type-post","status-publish","format-standard","hentry","category-noticias","tag-museu","tag-projeto","tag-projeto-de-extensao","entry"],"jetpack_publicize_connections":[],"jetpack_featured_media_url":"","jetpack_sharing_enabled":true,"_links":{"self":[{"href":"https:\/\/wp-dev.ufpel.edu.br\/gutenberg\/wp-json\/wp\/v2\/posts\/91610","targetHints":{"allow":["GET"]}}],"collection":[{"href":"https:\/\/wp-dev.ufpel.edu.br\/gutenberg\/wp-json\/wp\/v2\/posts"}],"about":[{"href":"https:\/\/wp-dev.ufpel.edu.br\/gutenberg\/wp-json\/wp\/v2\/types\/post"}],"author":[{"embeddable":true,"href":"https:\/\/wp-dev.ufpel.edu.br\/gutenberg\/wp-json\/wp\/v2\/users\/1"}],"replies":[{"embeddable":true,"href":"https:\/\/wp-dev.ufpel.edu.br\/gutenberg\/wp-json\/wp\/v2\/comments?post=91610"}],"version-history":[{"count":0,"href":"https:\/\/wp-dev.ufpel.edu.br\/gutenberg\/wp-json\/wp\/v2\/posts\/91610\/revisions"}],"wp:attachment":[{"href":"https:\/\/wp-dev.ufpel.edu.br\/gutenberg\/wp-json\/wp\/v2\/media?parent=91610"}],"wp:term":[{"taxonomy":"category","embeddable":true,"href":"https:\/\/wp-dev.ufpel.edu.br\/gutenberg\/wp-json\/wp\/v2\/categories?post=91610"},{"taxonomy":"post_tag","embeddable":true,"href":"https:\/\/wp-dev.ufpel.edu.br\/gutenberg\/wp-json\/wp\/v2\/tags?post=91610"}],"curies":[{"name":"wp","href":"https:\/\/api.w.org\/{rel}","templated":true}]}}